{"id":4427,"date":"2020-01-30T17:50:00","date_gmt":"2020-01-30T17:50:00","guid":{"rendered":"https:\/\/perrones.eu\/?p=4427"},"modified":"2020-05-17T01:23:40","modified_gmt":"2020-05-17T00:23:40","slug":"capela-senhor-da-pedra","status":"publish","type":"post","link":"https:\/\/perrones.eu\/index.php\/2020\/01\/30\/capela-senhor-da-pedra\/","title":{"rendered":"Destino: Capela Senhor da Pedra"},"content":{"rendered":"\n<p>Imposs\u00edvel n\u00e3o render-se ao litoral portugu\u00eas, s\u00e3o quil\u00f4metros e mais quil\u00f4metros de paisagens incr\u00edveis! Numa mistura de locais com acessos bem estruturados e outros que chegamos por trilhas, o destino final \u00e9 sempre surpreendente. <\/p>\n\n\n\n<p>Nesta aventura, falaremos sobre o caminho at\u00e9 a Capela Senhor da Pedra. Logo perto da praia onde a Capela est\u00e1 situada, a 800 metros, fica a esta\u00e7\u00e3o de comboio Miramar. F\u00e1cil acesso para quem quer conhecer! Para os aventureiros, tamb\u00e9m existem ciclovias vindas do norte e do sul. E caminhar, vindo de outras freguesias, \u00e9 tamb\u00e9m uma boa pedida! Entre passadi\u00e7os e vias destinadas \u00e0 circula\u00e7\u00e3o de pessoas, chegar at\u00e9 \u00e0 Praia de Miramar \u00e9 um passeio imperd\u00edvel.<\/p>\n\n\n\n<p>Nosso ponto de partida \u00e9 a Praia da Ba\u00eda, em Espinho. S\u00e3o 8 quil\u00f4metros de caminhada at\u00e9 nosso destino final, com o sol suave, a brisa do mar e muitas fotos! <\/p>\n\n\n\n<div class=\"wp-block-image\"><figure class=\"alignleft size-full\"><img loading=\"lazy\" decoding=\"async\" width=\"800\" height=\"533\" src=\"https:\/\/perrones.eu\/wp-content\/uploads\/2020\/04\/20200408_PERRONES_SENHOR_DAS_PEDRAS_02.jpg\" alt=\"\" class=\"wp-image-4431\" srcset=\"https:\/\/perrones.eu\/wp-content\/uploads\/2020\/04\/20200408_PERRONES_SENHOR_DAS_PEDRAS_02.jpg 800w, https:\/\/perrones.eu\/wp-content\/uploads\/2020\/04\/20200408_PERRONES_SENHOR_DAS_PEDRAS_02-300x200.jpg 300w, https:\/\/perrones.eu\/wp-content\/uploads\/2020\/04\/20200408_PERRONES_SENHOR_DAS_PEDRAS_02-768x512.jpg 768w, https:\/\/perrones.eu\/wp-content\/uploads\/2020\/04\/20200408_PERRONES_SENHOR_DAS_PEDRAS_02-360x240.jpg 360w\" sizes=\"auto, (max-width: 800px) 100vw, 800px\" \/><figcaption>Passadi\u00e7o Espinho &#8211; Gaia<\/figcaption><\/figure><\/div>\n\n\n\n<p><\/p>\n\n\n\n<p>Com o hor\u00e1rio cronometrado para chegarmos pelo menos 1 hora antes da golden hour, escolhermos o melhor local para as fotos e termos tempo de preparar todo o equipamento, seguimos o caminho fazendo somente algumas paradas (o que \u00e9 muuuuito dif\u00edcil quando os olhos n\u00e3o param de enquadrar!).<\/p>\n\n\n\n<figure class=\"wp-block-image size-full\"><img loading=\"lazy\" decoding=\"async\" width=\"800\" height=\"533\" src=\"https:\/\/perrones.eu\/wp-content\/uploads\/2020\/04\/20200408_PERRONES_SENHOR_DAS_PEDRAS_03.jpg\" alt=\"\" class=\"wp-image-4432\" srcset=\"https:\/\/perrones.eu\/wp-content\/uploads\/2020\/04\/20200408_PERRONES_SENHOR_DAS_PEDRAS_03.jpg 800w, https:\/\/perrones.eu\/wp-content\/uploads\/2020\/04\/20200408_PERRONES_SENHOR_DAS_PEDRAS_03-300x200.jpg 300w, https:\/\/perrones.eu\/wp-content\/uploads\/2020\/04\/20200408_PERRONES_SENHOR_DAS_PEDRAS_03-768x512.jpg 768w, https:\/\/perrones.eu\/wp-content\/uploads\/2020\/04\/20200408_PERRONES_SENHOR_DAS_PEDRAS_03-360x240.jpg 360w\" sizes=\"auto, (max-width: 800px) 100vw, 800px\" \/><figcaption>Passadi\u00e7o, em frente \u00e0 Praia das Pedras da Mar\u00e9, S\u00e3o F\u00e9liz da Marinha.<\/figcaption><\/figure>\n\n\n\n<p>O passadi\u00e7o segue sobre dunas e vegeta\u00e7\u00e3o. Em alguns locais, passamos pela cal\u00e7ada na praia, com restaurantes e bares. Mais adiante, faremos posts de cada local destes (deixamos a Praia da Aguda sem dedicar um momento para fotos no farol e nos barcos de pesca, que sofr\u00eancia!).<\/p>\n\n\n\n<figure class=\"wp-block-image size-full\"><img loading=\"lazy\" decoding=\"async\" width=\"800\" height=\"533\" src=\"https:\/\/perrones.eu\/wp-content\/uploads\/2020\/04\/20200408_PERRONES_SENHOR_DAS_PEDRAS_04.jpg\" alt=\"\" class=\"wp-image-4433\" srcset=\"https:\/\/perrones.eu\/wp-content\/uploads\/2020\/04\/20200408_PERRONES_SENHOR_DAS_PEDRAS_04.jpg 800w, https:\/\/perrones.eu\/wp-content\/uploads\/2020\/04\/20200408_PERRONES_SENHOR_DAS_PEDRAS_04-300x200.jpg 300w, https:\/\/perrones.eu\/wp-content\/uploads\/2020\/04\/20200408_PERRONES_SENHOR_DAS_PEDRAS_04-768x512.jpg 768w, https:\/\/perrones.eu\/wp-content\/uploads\/2020\/04\/20200408_PERRONES_SENHOR_DAS_PEDRAS_04-360x240.jpg 360w\" sizes=\"auto, (max-width: 800px) 100vw, 800px\" \/><figcaption>Praia de Miramar<\/figcaption><\/figure>\n\n\n\n<figure class=\"wp-block-image size-large\"><img loading=\"lazy\" decoding=\"async\" width=\"800\" height=\"533\" src=\"https:\/\/perrones.eu\/wp-content\/uploads\/2020\/04\/20200408_PERRONES_SENHOR_DAS_PEDRAS_05.jpg\" alt=\"\" class=\"wp-image-4434\" srcset=\"https:\/\/perrones.eu\/wp-content\/uploads\/2020\/04\/20200408_PERRONES_SENHOR_DAS_PEDRAS_05.jpg 800w, https:\/\/perrones.eu\/wp-content\/uploads\/2020\/04\/20200408_PERRONES_SENHOR_DAS_PEDRAS_05-300x200.jpg 300w, https:\/\/perrones.eu\/wp-content\/uploads\/2020\/04\/20200408_PERRONES_SENHOR_DAS_PEDRAS_05-768x512.jpg 768w, https:\/\/perrones.eu\/wp-content\/uploads\/2020\/04\/20200408_PERRONES_SENHOR_DAS_PEDRAS_05-360x240.jpg 360w\" sizes=\"auto, (max-width: 800px) 100vw, 800px\" \/><figcaption>Praia de Miramar, j\u00e1 com a Capela Senhor da Pedra ao fundo.<\/figcaption><\/figure>\n\n\n\n<p>E com o cronograma sendo cumprido, chegamos \u00e0 Praia de Miramar por volta das 18h30 e logo come\u00e7amos a procura do melhor local para contemplarmos o p\u00f4r do sol e fazermos a foto junto \u00e0 Capela. Caminhando pelas pedras, analisando o espelho formado pelo mar e o ponto certo de descida do sol, chegamos ao melhor point! Agora \u00e9 instalar-se, preparar equipamento e estarmos prontos para o grande momento (que dura apenas alguns minutos!).  Enquanto isso, claro, com a segunda c\u00e2mera, aproveitamos para mais clicks!<\/p>\n\n\n\n<figure class=\"wp-block-image size-large\"><img loading=\"lazy\" decoding=\"async\" width=\"800\" height=\"533\" src=\"https:\/\/perrones.eu\/wp-content\/uploads\/2020\/04\/20200408_PERRONES_SENHOR_DAS_PEDRAS_06.jpg\" alt=\"\" class=\"wp-image-4435\" srcset=\"https:\/\/perrones.eu\/wp-content\/uploads\/2020\/04\/20200408_PERRONES_SENHOR_DAS_PEDRAS_06.jpg 800w, https:\/\/perrones.eu\/wp-content\/uploads\/2020\/04\/20200408_PERRONES_SENHOR_DAS_PEDRAS_06-300x200.jpg 300w, https:\/\/perrones.eu\/wp-content\/uploads\/2020\/04\/20200408_PERRONES_SENHOR_DAS_PEDRAS_06-768x512.jpg 768w, https:\/\/perrones.eu\/wp-content\/uploads\/2020\/04\/20200408_PERRONES_SENHOR_DAS_PEDRAS_06-360x240.jpg 360w\" sizes=\"auto, (max-width: 800px) 100vw, 800px\" \/><figcaption>Praia de Miramar<\/figcaption><\/figure>\n\n\n\n<figure class=\"wp-block-image size-large\"><img loading=\"lazy\" decoding=\"async\" width=\"800\" height=\"533\" src=\"https:\/\/perrones.eu\/wp-content\/uploads\/2020\/04\/20200408_PERRONES_SENHOR_DAS_PEDRAS_07.jpg\" alt=\"\" class=\"wp-image-4436\" srcset=\"https:\/\/perrones.eu\/wp-content\/uploads\/2020\/04\/20200408_PERRONES_SENHOR_DAS_PEDRAS_07.jpg 800w, https:\/\/perrones.eu\/wp-content\/uploads\/2020\/04\/20200408_PERRONES_SENHOR_DAS_PEDRAS_07-300x200.jpg 300w, https:\/\/perrones.eu\/wp-content\/uploads\/2020\/04\/20200408_PERRONES_SENHOR_DAS_PEDRAS_07-768x512.jpg 768w, https:\/\/perrones.eu\/wp-content\/uploads\/2020\/04\/20200408_PERRONES_SENHOR_DAS_PEDRAS_07-360x240.jpg 360w\" sizes=\"auto, (max-width: 800px) 100vw, 800px\" \/><figcaption>Praia de Miramar<\/figcaption><\/figure>\n\n\n\n<p>Preparados, e \u00e0s 20h06 fizemos a foto da Capela! Foram v\u00e1rias exposi\u00e7\u00f5es, cada uma pegando um momento diferente. Um primeiro momento focando na nossa modelo, de forma que ficasse iluminada pelo sol. J\u00e1 um outro pegando o p\u00f4r do sol, e mais um para focar na Capela e por fim aquele que faria o efeito de v\u00e9u de noiva no mar. Aqui est\u00e1 o resultado da foto, ap\u00f3s mais de 2 horas de p\u00f3s-produ\u00e7\u00e3o! <\/p>\n\n\n\n<figure class=\"wp-block-image size-large\"><img loading=\"lazy\" decoding=\"async\" width=\"1024\" height=\"683\" src=\"https:\/\/perrones.eu\/wp-content\/uploads\/2020\/04\/20200408_PERRONES_SENHOR_DAS_PEDRAS_01-1-1024x683.jpg\" alt=\"\" class=\"wp-image-4437\" srcset=\"https:\/\/perrones.eu\/wp-content\/uploads\/2020\/04\/20200408_PERRONES_SENHOR_DAS_PEDRAS_01-1-1024x683.jpg 1024w, https:\/\/perrones.eu\/wp-content\/uploads\/2020\/04\/20200408_PERRONES_SENHOR_DAS_PEDRAS_01-1-300x200.jpg 300w, https:\/\/perrones.eu\/wp-content\/uploads\/2020\/04\/20200408_PERRONES_SENHOR_DAS_PEDRAS_01-1-768x512.jpg 768w, https:\/\/perrones.eu\/wp-content\/uploads\/2020\/04\/20200408_PERRONES_SENHOR_DAS_PEDRAS_01-1-1536x1025.jpg 1536w, https:\/\/perrones.eu\/wp-content\/uploads\/2020\/04\/20200408_PERRONES_SENHOR_DAS_PEDRAS_01-1-360x240.jpg 360w, https:\/\/perrones.eu\/wp-content\/uploads\/2020\/04\/20200408_PERRONES_SENHOR_DAS_PEDRAS_01-1.jpg 2048w\" sizes=\"auto, (max-width: 1024px) 100vw, 1024px\" \/><figcaption>Capela Senhor da Pedra &#8211; Miramar<\/figcaption><\/figure>\n\n\n\n<p>E, ap\u00f3s um dia intenso, hora de voltarmos para casa! Com muuuito material para trabalhar e a descoberta de in\u00fameros outros locais para fotografar. <\/p>\n\n\n\n<p>Portugal \u00e9 um mar de descobertas! <\/p>\n\n\n\n<figure class=\"wp-block-image size-large\"><img loading=\"lazy\" decoding=\"async\" width=\"800\" height=\"533\" src=\"https:\/\/perrones.eu\/wp-content\/uploads\/2020\/04\/20200408_PERRONES_SENHOR_DAS_PEDRAS_09.jpg\" alt=\"\" class=\"wp-image-4439\" srcset=\"https:\/\/perrones.eu\/wp-content\/uploads\/2020\/04\/20200408_PERRONES_SENHOR_DAS_PEDRAS_09.jpg 800w, https:\/\/perrones.eu\/wp-content\/uploads\/2020\/04\/20200408_PERRONES_SENHOR_DAS_PEDRAS_09-300x200.jpg 300w, https:\/\/perrones.eu\/wp-content\/uploads\/2020\/04\/20200408_PERRONES_SENHOR_DAS_PEDRAS_09-768x512.jpg 768w, https:\/\/perrones.eu\/wp-content\/uploads\/2020\/04\/20200408_PERRONES_SENHOR_DAS_PEDRAS_09-360x240.jpg 360w\" sizes=\"auto, (max-width: 800px) 100vw, 800px\" \/><figcaption>Praia de Miramar<\/figcaption><\/figure>\n\n\n\n<figure class=\"wp-block-image size-large\"><img loading=\"lazy\" decoding=\"async\" width=\"800\" height=\"533\" src=\"https:\/\/perrones.eu\/wp-content\/uploads\/2020\/04\/20200408_PERRONES_SENHOR_DAS_PEDRAS_08.jpg\" alt=\"\" class=\"wp-image-4438\" srcset=\"https:\/\/perrones.eu\/wp-content\/uploads\/2020\/04\/20200408_PERRONES_SENHOR_DAS_PEDRAS_08.jpg 800w, https:\/\/perrones.eu\/wp-content\/uploads\/2020\/04\/20200408_PERRONES_SENHOR_DAS_PEDRAS_08-300x200.jpg 300w, https:\/\/perrones.eu\/wp-content\/uploads\/2020\/04\/20200408_PERRONES_SENHOR_DAS_PEDRAS_08-768x512.jpg 768w, https:\/\/perrones.eu\/wp-content\/uploads\/2020\/04\/20200408_PERRONES_SENHOR_DAS_PEDRAS_08-360x240.jpg 360w\" sizes=\"auto, (max-width: 800px) 100vw, 800px\" \/><figcaption>Praia de Miramar<\/figcaption><\/figure>\n\n\n\n<p><\/p>\n\n\n\n<p>Confira o making-of do nosso passeio fotogr\u00e1fico. <\/p>\n\n\n\n<figure class=\"wp-block-video\"><video controls src=\"https:\/\/perrones.eu\/wp-content\/uploads\/2020\/04\/MAKING_OF_v3.mp4\"><\/video><\/figure>\n\n\n\n<p><\/p>\n\n\n\n<p>Ahhh, e aqui v\u00e3o algumas fotos &#8220;por tr\u00e1s dos bastidores&#8221;&#8230; :p<\/p>\n\n\n\n<figure class=\"wp-block-gallery columns-3 is-cropped wp-block-gallery-1 is-layout-flex wp-block-gallery-is-layout-flex\"><ul class=\"blocks-gallery-grid\"><li class=\"blocks-gallery-item\"><figure><img loading=\"lazy\" decoding=\"async\" width=\"800\" height=\"600\" src=\"https:\/\/perrones.eu\/wp-content\/uploads\/2020\/04\/02-1.jpg\" alt=\"\" data-id=\"4475\" data-full-url=\"https:\/\/perrones.eu\/wp-content\/uploads\/2020\/04\/02-1.jpg\" data-link=\"https:\/\/perrones.eu\/index.php\/2019\/05\/11\/capela-senhor-da-pedra\/02-1\/\" class=\"wp-image-4475\" srcset=\"https:\/\/perrones.eu\/wp-content\/uploads\/2020\/04\/02-1.jpg 800w, https:\/\/perrones.eu\/wp-content\/uploads\/2020\/04\/02-1-300x225.jpg 300w, https:\/\/perrones.eu\/wp-content\/uploads\/2020\/04\/02-1-768x576.jpg 768w\" sizes=\"auto, (max-width: 800px) 100vw, 800px\" \/><\/figure><\/li><li class=\"blocks-gallery-item\"><figure><img loading=\"lazy\" decoding=\"async\" width=\"800\" height=\"600\" src=\"https:\/\/perrones.eu\/wp-content\/uploads\/2020\/04\/04-1.jpg\" alt=\"\" data-id=\"4477\" data-full-url=\"https:\/\/perrones.eu\/wp-content\/uploads\/2020\/04\/04-1.jpg\" data-link=\"https:\/\/perrones.eu\/index.php\/2019\/05\/11\/capela-senhor-da-pedra\/04-1\/\" class=\"wp-image-4477\" srcset=\"https:\/\/perrones.eu\/wp-content\/uploads\/2020\/04\/04-1.jpg 800w, https:\/\/perrones.eu\/wp-content\/uploads\/2020\/04\/04-1-300x225.jpg 300w, https:\/\/perrones.eu\/wp-content\/uploads\/2020\/04\/04-1-768x576.jpg 768w\" sizes=\"auto, (max-width: 800px) 100vw, 800px\" \/><\/figure><\/li><li class=\"blocks-gallery-item\"><figure><img loading=\"lazy\" decoding=\"async\" width=\"800\" height=\"600\" src=\"https:\/\/perrones.eu\/wp-content\/uploads\/2020\/04\/05-1.jpg\" alt=\"\" data-id=\"4478\" data-full-url=\"https:\/\/perrones.eu\/wp-content\/uploads\/2020\/04\/05-1.jpg\" data-link=\"https:\/\/perrones.eu\/index.php\/2019\/05\/11\/capela-senhor-da-pedra\/05-1\/\" class=\"wp-image-4478\" srcset=\"https:\/\/perrones.eu\/wp-content\/uploads\/2020\/04\/05-1.jpg 800w, https:\/\/perrones.eu\/wp-content\/uploads\/2020\/04\/05-1-300x225.jpg 300w, https:\/\/perrones.eu\/wp-content\/uploads\/2020\/04\/05-1-768x576.jpg 768w\" sizes=\"auto, (max-width: 800px) 100vw, 800px\" \/><\/figure><\/li><li class=\"blocks-gallery-item\"><figure><img loading=\"lazy\" decoding=\"async\" width=\"800\" height=\"600\" src=\"https:\/\/perrones.eu\/wp-content\/uploads\/2020\/04\/01-1.jpg\" alt=\"\" data-id=\"4474\" data-full-url=\"https:\/\/perrones.eu\/wp-content\/uploads\/2020\/04\/01-1.jpg\" data-link=\"https:\/\/perrones.eu\/index.php\/2019\/05\/11\/capela-senhor-da-pedra\/01-1\/\" class=\"wp-image-4474\" srcset=\"https:\/\/perrones.eu\/wp-content\/uploads\/2020\/04\/01-1.jpg 800w, https:\/\/perrones.eu\/wp-content\/uploads\/2020\/04\/01-1-300x225.jpg 300w, https:\/\/perrones.eu\/wp-content\/uploads\/2020\/04\/01-1-768x576.jpg 768w\" sizes=\"auto, (max-width: 800px) 100vw, 800px\" \/><\/figure><\/li><li class=\"blocks-gallery-item\"><figure><img loading=\"lazy\" decoding=\"async\" width=\"800\" height=\"600\" src=\"https:\/\/perrones.eu\/wp-content\/uploads\/2020\/04\/03-1.jpg\" alt=\"\" data-id=\"4476\" data-full-url=\"https:\/\/perrones.eu\/wp-content\/uploads\/2020\/04\/03-1.jpg\" data-link=\"https:\/\/perrones.eu\/index.php\/2019\/05\/11\/capela-senhor-da-pedra\/03-1\/\" class=\"wp-image-4476\" srcset=\"https:\/\/perrones.eu\/wp-content\/uploads\/2020\/04\/03-1.jpg 800w, https:\/\/perrones.eu\/wp-content\/uploads\/2020\/04\/03-1-300x225.jpg 300w, https:\/\/perrones.eu\/wp-content\/uploads\/2020\/04\/03-1-768x576.jpg 768w\" sizes=\"auto, (max-width: 800px) 100vw, 800px\" \/><\/figure><\/li><li class=\"blocks-gallery-item\"><figure><img loading=\"lazy\" decoding=\"async\" width=\"800\" height=\"600\" src=\"https:\/\/perrones.eu\/wp-content\/uploads\/2020\/04\/06-1.jpg\" alt=\"\" data-id=\"4479\" data-full-url=\"https:\/\/perrones.eu\/wp-content\/uploads\/2020\/04\/06-1.jpg\" data-link=\"https:\/\/perrones.eu\/index.php\/2019\/05\/11\/capela-senhor-da-pedra\/06-1\/\" class=\"wp-image-4479\" srcset=\"https:\/\/perrones.eu\/wp-content\/uploads\/2020\/04\/06-1.jpg 800w, https:\/\/perrones.eu\/wp-content\/uploads\/2020\/04\/06-1-300x225.jpg 300w, https:\/\/perrones.eu\/wp-content\/uploads\/2020\/04\/06-1-768x576.jpg 768w\" sizes=\"auto, (max-width: 800px) 100vw, 800px\" \/><\/figure><\/li><\/ul><\/figure>\n\n\n\n<ul class=\"wp-block-social-links is-layout-flex wp-block-social-links-is-layout-flex\">\n\n\n\n\n\n\n\n<\/ul>\n","protected":false},"excerpt":{"rendered":"<p>Imposs\u00edvel n\u00e3o render-se ao litoral portugu\u00eas, s\u00e3o quil\u00f4metros e mais quil\u00f4metros de paisagens incr\u00edveis! Numa mistura de locais com acessos bem estruturados e outros que chegamos por trilhas, o destino final \u00e9 sempre surpreendente. Nesta aventura, falaremos sobre o caminho at\u00e9 a Capela Senhor da Pedra. Logo perto da praia [&hellip;]<\/p>\n","protected":false},"author":1,"featured_media":4429,"comment_status":"open","ping_status":"open","sticky":false,"template":"","format":"standard","meta":{"om_disable_all_campaigns":false,"_monsterinsights_skip_tracking":false,"_monsterinsights_sitenote_active":false,"_monsterinsights_sitenote_note":"","_monsterinsights_sitenote_category":0,"footnotes":""},"categories":[34,5],"tags":[43,36,38,21,49,37,42,46,45,47,48],"class_list":["post-4427","post","type-post","status-publish","format-standard","has-post-thumbnail","hentry","category-photos","category-travel","tag-capela-senhor-da-pedra","tag-fotografia","tag-miramar","tag-photography","tag-porto","tag-portugal","tag-praia-de-miramar","tag-travel","tag-trip","tag-vacacion","tag-vila-nova-de-gaia"],"jetpack_featured_media_url":"https:\/\/perrones.eu\/wp-content\/uploads\/2020\/04\/20200408_PERRONES_SENHOR_DAS_PEDRAS_01.jpg","_links":{"self":[{"href":"https:\/\/perrones.eu\/index.php\/wp-json\/wp\/v2\/posts\/4427","targetHints":{"allow":["GET"]}}],"collection":[{"href":"https:\/\/perrones.eu\/index.php\/wp-json\/wp\/v2\/posts"}],"about":[{"href":"https:\/\/perrones.eu\/index.php\/wp-json\/wp\/v2\/types\/post"}],"author":[{"embeddable":true,"href":"https:\/\/perrones.eu\/index.php\/wp-json\/wp\/v2\/users\/1"}],"replies":[{"embeddable":true,"href":"https:\/\/perrones.eu\/index.php\/wp-json\/wp\/v2\/comments?post=4427"}],"version-history":[{"count":14,"href":"https:\/\/perrones.eu\/index.php\/wp-json\/wp\/v2\/posts\/4427\/revisions"}],"predecessor-version":[{"id":4643,"href":"https:\/\/perrones.eu\/index.php\/wp-json\/wp\/v2\/posts\/4427\/revisions\/4643"}],"wp:featuredmedia":[{"embeddable":true,"href":"https:\/\/perrones.eu\/index.php\/wp-json\/wp\/v2\/media\/4429"}],"wp:attachment":[{"href":"https:\/\/perrones.eu\/index.php\/wp-json\/wp\/v2\/media?parent=4427"}],"wp:term":[{"taxonomy":"category","embeddable":true,"href":"https:\/\/perrones.eu\/index.php\/wp-json\/wp\/v2\/categories?post=4427"},{"taxonomy":"post_tag","embeddable":true,"href":"https:\/\/perrones.eu\/index.php\/wp-json\/wp\/v2\/tags?post=4427"}],"curies":[{"name":"wp","href":"https:\/\/api.w.org\/{rel}","templated":true}]}}