{"id":4486,"date":"2020-04-13T22:40:32","date_gmt":"2020-04-13T21:40:32","guid":{"rendered":"https:\/\/perrones.eu\/?p=4486"},"modified":"2020-05-17T01:25:01","modified_gmt":"2020-05-17T00:25:01","slug":"portugal-de-bike","status":"publish","type":"post","link":"https:\/\/perrones.eu\/index.php\/2020\/04\/13\/portugal-de-bike\/","title":{"rendered":"Portugal de bike! Muito al\u00e9m dos cart\u00f5es postais."},"content":{"rendered":"\n<p>Paisagens maravilhosas, uma c\u00e2mera e a nossa bike. E assim vamos descobrindo um Portugal al\u00e9m dos cart\u00f5es postais e que nos faz mais apaixonados a cada aventura. <\/p>\n\n\n\n<figure class=\"wp-block-image size-large\"><img loading=\"lazy\" decoding=\"async\" width=\"1024\" height=\"666\" src=\"https:\/\/perrones.eu\/wp-content\/uploads\/2020\/04\/20200408_PERRONES_PORTUGAL_BIKE_AR-2-1024x666.jpg\" alt=\"PARQUE DO BU\u00c7AQUINHO\" class=\"wp-image-4501\" title=\"PARQUE DO BU\u00c7AQUINHO\" srcset=\"https:\/\/perrones.eu\/wp-content\/uploads\/2020\/04\/20200408_PERRONES_PORTUGAL_BIKE_AR-2-1024x666.jpg 1024w, https:\/\/perrones.eu\/wp-content\/uploads\/2020\/04\/20200408_PERRONES_PORTUGAL_BIKE_AR-2-300x195.jpg 300w, https:\/\/perrones.eu\/wp-content\/uploads\/2020\/04\/20200408_PERRONES_PORTUGAL_BIKE_AR-2-768x500.jpg 768w, https:\/\/perrones.eu\/wp-content\/uploads\/2020\/04\/20200408_PERRONES_PORTUGAL_BIKE_AR-2.jpg 1200w\" sizes=\"auto, (max-width: 1024px) 100vw, 1024px\" \/><figcaption>Parque do Bu\u00e7aquinho &#8211; Ovar -Aveiro<\/figcaption><\/figure>\n\n\n\n<p>Entre caminhos por florestas, praias, dunas, lagoas, rios, beirando as linhas do comboio, vilas, aldeias ou at\u00e9 mesmo passando ao meio do tr\u00e2nsito da Ponte D.Lu\u00eds I, imposs\u00edvel parar de enquadrar com os olhos. Um convite para quem gosta de fotografar ou simplesmente pedalar. <\/p>\n\n\n\n<p>  <\/p>\n\n\n\n<figure class=\"wp-block-image size-large is-style-default\"><img loading=\"lazy\" decoding=\"async\" width=\"1024\" height=\"522\" src=\"https:\/\/perrones.eu\/wp-content\/uploads\/2020\/04\/20200408_PERRONES_PORTUGAL_BIKE_FURADOURO-1024x522.jpg\" alt=\"PRAIA DO FURADOURO\" class=\"wp-image-4493\" title=\"PRAIA DO FURADOURO\" srcset=\"https:\/\/perrones.eu\/wp-content\/uploads\/2020\/04\/20200408_PERRONES_PORTUGAL_BIKE_FURADOURO-1024x522.jpg 1024w, https:\/\/perrones.eu\/wp-content\/uploads\/2020\/04\/20200408_PERRONES_PORTUGAL_BIKE_FURADOURO-300x153.jpg 300w, https:\/\/perrones.eu\/wp-content\/uploads\/2020\/04\/20200408_PERRONES_PORTUGAL_BIKE_FURADOURO-768x392.jpg 768w, https:\/\/perrones.eu\/wp-content\/uploads\/2020\/04\/20200408_PERRONES_PORTUGAL_BIKE_FURADOURO.jpg 1080w\" sizes=\"auto, (max-width: 1024px) 100vw, 1024px\" \/><figcaption>Praia do Furadouro, ap\u00f3s percurso pela Ecopista do Atl\u00e2ntico, trilha que liga Esmoriz\/Espinho ao Furadouro\/Ovar.<\/figcaption><\/figure>\n\n\n\n<p>Com mais de dois mil quil\u00f4metros de ciclovia, Portugal tem como objetivo atingir dez mil at\u00e9 2030. S\u00e3o mais de 200 circuitos, entre ciclovias, ecovias e ecopontos.  <\/p>\n\n\n\n<figure class=\"wp-block-image size-large\"><img loading=\"lazy\" decoding=\"async\" width=\"1024\" height=\"522\" src=\"https:\/\/perrones.eu\/wp-content\/uploads\/2020\/04\/20200408_PERRONES_PORTUGAL_BIKE_BARRINHA_ESMORIZ-1024x522.jpg\" alt=\"BARRINHA DE ESMORIZ\" class=\"wp-image-4494\" title=\"BARRINHA DE ESMORIZ\" srcset=\"https:\/\/perrones.eu\/wp-content\/uploads\/2020\/04\/20200408_PERRONES_PORTUGAL_BIKE_BARRINHA_ESMORIZ-1024x522.jpg 1024w, https:\/\/perrones.eu\/wp-content\/uploads\/2020\/04\/20200408_PERRONES_PORTUGAL_BIKE_BARRINHA_ESMORIZ-300x153.jpg 300w, https:\/\/perrones.eu\/wp-content\/uploads\/2020\/04\/20200408_PERRONES_PORTUGAL_BIKE_BARRINHA_ESMORIZ-768x392.jpg 768w, https:\/\/perrones.eu\/wp-content\/uploads\/2020\/04\/20200408_PERRONES_PORTUGAL_BIKE_BARRINHA_ESMORIZ.jpg 1080w\" sizes=\"auto, (max-width: 1024px) 100vw, 1024px\" \/><figcaption>Barrinha de Esmoriz &#8211; Espinho\/Ovar &#8211; Aveiro<\/figcaption><\/figure>\n\n\n\n<p>E n\u00f3s, por aqui, j\u00e1 come\u00e7amos a descobrir cada um desses circuitos. E vamos mostrar a voc\u00eas um pouco sobre cada um, com dicas de como chegar e fotos, muuuuitas fotos! <\/p>\n\n\n\n<figure class=\"wp-block-image size-large\"><img loading=\"lazy\" decoding=\"async\" width=\"1024\" height=\"522\" src=\"https:\/\/perrones.eu\/wp-content\/uploads\/2020\/04\/20200408_PERRONES_PORTUGAL_BIKE_AVEIRO-1-1024x522.jpg\" alt=\"FERRY AVEIRO\" class=\"wp-image-4498\" title=\"FERRY AVEIRO\" srcset=\"https:\/\/perrones.eu\/wp-content\/uploads\/2020\/04\/20200408_PERRONES_PORTUGAL_BIKE_AVEIRO-1-1024x522.jpg 1024w, https:\/\/perrones.eu\/wp-content\/uploads\/2020\/04\/20200408_PERRONES_PORTUGAL_BIKE_AVEIRO-1-300x153.jpg 300w, https:\/\/perrones.eu\/wp-content\/uploads\/2020\/04\/20200408_PERRONES_PORTUGAL_BIKE_AVEIRO-1-768x392.jpg 768w, https:\/\/perrones.eu\/wp-content\/uploads\/2020\/04\/20200408_PERRONES_PORTUGAL_BIKE_AVEIRO-1.jpg 1080w\" sizes=\"auto, (max-width: 1024px) 100vw, 1024px\" \/><figcaption>Sa\u00edda do Ferry Aveiro &#8211; trajeto S\u00e3o Jacinto &#8211; Forte da Barra de Aveiro<\/figcaption><\/figure>\n\n\n\n<p><\/p>\n","protected":false},"excerpt":{"rendered":"<p>Paisagens maravilhosas, uma c\u00e2mera e a nossa bike. E assim vamos descobrindo um Portugal al\u00e9m dos cart\u00f5es postais e que nos faz mais apaixonados a cada aventura. Entre caminhos por florestas, praias, dunas, lagoas, rios, beirando as linhas do comboio, vilas, aldeias ou at\u00e9 mesmo passando ao meio do tr\u00e2nsito [&hellip;]<\/p>\n","protected":false},"author":1,"featured_media":4502,"comment_status":"open","ping_status":"open","sticky":false,"template":"","format":"standard","meta":{"om_disable_all_campaigns":false,"_monsterinsights_skip_tracking":false,"_monsterinsights_sitenote_active":false,"_monsterinsights_sitenote_note":"","_monsterinsights_sitenote_category":0,"footnotes":""},"categories":[34,5],"tags":[56,51,52,54,58,53,57,50,21,37,46,45,55],"class_list":["post-4486","post","type-post","status-publish","format-standard","has-post-thumbnail","hentry","category-photos","category-travel","tag-aveiro","tag-bike","tag-btt","tag-bttxc","tag-espinho","tag-mtbxc","tag-ovar","tag-perrones","tag-photography","tag-portugal","tag-travel","tag-trip","tag-vacation"],"jetpack_featured_media_url":"https:\/\/perrones.eu\/wp-content\/uploads\/2020\/04\/20200408_PERRONES_PORTUGAL_BIKE_AR-3.jpg","_links":{"self":[{"href":"https:\/\/perrones.eu\/index.php\/wp-json\/wp\/v2\/posts\/4486","targetHints":{"allow":["GET"]}}],"collection":[{"href":"https:\/\/perrones.eu\/index.php\/wp-json\/wp\/v2\/posts"}],"about":[{"href":"https:\/\/perrones.eu\/index.php\/wp-json\/wp\/v2\/types\/post"}],"author":[{"embeddable":true,"href":"https:\/\/perrones.eu\/index.php\/wp-json\/wp\/v2\/users\/1"}],"replies":[{"embeddable":true,"href":"https:\/\/perrones.eu\/index.php\/wp-json\/wp\/v2\/comments?post=4486"}],"version-history":[{"count":6,"href":"https:\/\/perrones.eu\/index.php\/wp-json\/wp\/v2\/posts\/4486\/revisions"}],"predecessor-version":[{"id":4641,"href":"https:\/\/perrones.eu\/index.php\/wp-json\/wp\/v2\/posts\/4486\/revisions\/4641"}],"wp:featuredmedia":[{"embeddable":true,"href":"https:\/\/perrones.eu\/index.php\/wp-json\/wp\/v2\/media\/4502"}],"wp:attachment":[{"href":"https:\/\/perrones.eu\/index.php\/wp-json\/wp\/v2\/media?parent=4486"}],"wp:term":[{"taxonomy":"category","embeddable":true,"href":"https:\/\/perrones.eu\/index.php\/wp-json\/wp\/v2\/categories?post=4486"},{"taxonomy":"post_tag","embeddable":true,"href":"https:\/\/perrones.eu\/index.php\/wp-json\/wp\/v2\/tags?post=4486"}],"curies":[{"name":"wp","href":"https:\/\/api.w.org\/{rel}","templated":true}]}}