{"id":4506,"date":"2020-04-27T22:07:48","date_gmt":"2020-04-27T21:07:48","guid":{"rendered":"https:\/\/perrones.eu\/?p=4506"},"modified":"2020-04-27T22:49:58","modified_gmt":"2020-04-27T21:49:58","slug":"rota-da-costa-atlantica-porto-aveiro","status":"publish","type":"post","link":"https:\/\/perrones.eu\/index.php\/2020\/04\/27\/rota-da-costa-atlantica-porto-aveiro\/","title":{"rendered":"Rota da Costa Atl\u00e2ntica, trecho Porto &#8211; Aveiro"},"content":{"rendered":"\n<p>Entre ciclovias, ecopistas e ecovias, vamos conhecendo a rota da Costa Atl\u00e2ntica, que come\u00e7a ao norte de Portugal, um pouco antes de Viana do Castelo e segue at\u00e9 o Algarve. S\u00e3o mais de 920 quil\u00f4metros de costa, passando por dunas, florestas, lagoas e o Atl\u00e2ntico sempre a nos proporcionar as mais espetaculares paisagens e um estonteante p\u00f4r do sol, momento para parar tudo e ficar contemplando a paleta de cores que se forma no c\u00e9u.   <\/p>\n\n\n\n<figure class=\"wp-block-image size-large is-resized\"><img loading=\"lazy\" decoding=\"async\" src=\"https:\/\/perrones.eu\/wp-content\/uploads\/2020\/04\/EuroVelo1_Rota_Costa_Atl\u00e2ntica.jpg\" alt=\"EuroVelo 1 - Rota da Costa Atl\u00e2ntica\" class=\"wp-image-4508\" width=\"463\" height=\"691\" srcset=\"https:\/\/perrones.eu\/wp-content\/uploads\/2020\/04\/EuroVelo1_Rota_Costa_Atl\u00e2ntica.jpg 463w, https:\/\/perrones.eu\/wp-content\/uploads\/2020\/04\/EuroVelo1_Rota_Costa_Atl\u00e2ntica-201x300.jpg 201w\" sizes=\"auto, (max-width: 463px) 100vw, 463px\" \/><figcaption>EuroVelo 1 &#8211; Rota da Costa Atl\u00e2ntica<\/figcaption><\/figure>\n\n\n\n<p>A meta \u00e9 desvendar cada trecho desta Rota, al\u00e9m das que existem em todo Portugal e, mais a frente, desbravar as rotas EuroVelo, Europa afora, com mais de 70.000 km, atravessando 42 pa\u00edses.<\/p>\n\n\n\n<figure class=\"wp-block-image size-large is-resized\"><img loading=\"lazy\" decoding=\"async\" src=\"https:\/\/perrones.eu\/wp-content\/uploads\/2020\/04\/2016_EuroVeloMap_Original-909x1024.jpg\" alt=\"Rotas da Rede EuroVelo - Europa\" class=\"wp-image-4507\" width=\"455\" height=\"512\" srcset=\"https:\/\/perrones.eu\/wp-content\/uploads\/2020\/04\/2016_EuroVeloMap_Original-909x1024.jpg 909w, https:\/\/perrones.eu\/wp-content\/uploads\/2020\/04\/2016_EuroVeloMap_Original-266x300.jpg 266w, https:\/\/perrones.eu\/wp-content\/uploads\/2020\/04\/2016_EuroVeloMap_Original-768x865.jpg 768w, https:\/\/perrones.eu\/wp-content\/uploads\/2020\/04\/2016_EuroVeloMap_Original.jpg 1065w\" sizes=\"auto, (max-width: 455px) 100vw, 455px\" \/><figcaption>Rotas da Rede EuroVelo<\/figcaption><\/figure>\n\n\n\n<p>E vamos seguir esses caminhos da forma que mais gostamos, pedalando, registrando tudo e fazendo muitas fotos!<\/p>\n\n\n\n<p>O trecho que iniciaremos nosso fotoregistro parte do Farol de Felgueiras, na Foz do Rio Douro &#8211; Porto e segue at\u00e9 Aveiro. S\u00e3o mais de 85km que vamos quebrar em menores etapas para podermos mostrar toda a beleza deste trecho da Costa Atl\u00e2ntica de Portugal.<\/p>\n\n\n\n<figure class=\"wp-block-image size-large\"><img loading=\"lazy\" decoding=\"async\" width=\"800\" height=\"417\" src=\"https:\/\/perrones.eu\/wp-content\/uploads\/2020\/04\/MAPA_PORTO_AVEIRO-1.jpg\" alt=\"Trecho Farol de Felgueiras\/Porto at\u00e9 Aveiro - 85km\" class=\"wp-image-4531\" srcset=\"https:\/\/perrones.eu\/wp-content\/uploads\/2020\/04\/MAPA_PORTO_AVEIRO-1.jpg 800w, https:\/\/perrones.eu\/wp-content\/uploads\/2020\/04\/MAPA_PORTO_AVEIRO-1-300x156.jpg 300w, https:\/\/perrones.eu\/wp-content\/uploads\/2020\/04\/MAPA_PORTO_AVEIRO-1-768x400.jpg 768w\" sizes=\"auto, (max-width: 800px) 100vw, 800px\" \/><figcaption>Trecho Farol de Felgueiras\/Porto at\u00e9 Aveiro &#8211; 85km<\/figcaption><\/figure>\n\n\n\n<p>Aqui algumas paisagens que encontraremos neste trecho!<\/p>\n\n\n\n<figure class=\"wp-block-image size-large\"><img loading=\"lazy\" decoding=\"async\" width=\"800\" height=\"600\" src=\"https:\/\/perrones.eu\/wp-content\/uploads\/2020\/04\/20200427_PERRONES_FAROL_FELGUEIRAS_04-1.jpg\" alt=\"FAROL DE FELGUEIRAS\" class=\"wp-image-4538\" srcset=\"https:\/\/perrones.eu\/wp-content\/uploads\/2020\/04\/20200427_PERRONES_FAROL_FELGUEIRAS_04-1.jpg 800w, https:\/\/perrones.eu\/wp-content\/uploads\/2020\/04\/20200427_PERRONES_FAROL_FELGUEIRAS_04-1-300x225.jpg 300w, https:\/\/perrones.eu\/wp-content\/uploads\/2020\/04\/20200427_PERRONES_FAROL_FELGUEIRAS_04-1-768x576.jpg 768w\" sizes=\"auto, (max-width: 800px) 100vw, 800px\" \/><figcaption>Farol de Felgueiras &#8211; Porto<\/figcaption><\/figure>\n\n\n\n<figure class=\"wp-block-image size-large\"><img loading=\"lazy\" decoding=\"async\" width=\"800\" height=\"533\" src=\"https:\/\/perrones.eu\/wp-content\/uploads\/2020\/04\/20200427_PERRONES_CAPELA_SENHOR_DA_PEDRA.jpg\" alt=\"Capela Senhor da Pedra - Miramar\" class=\"wp-image-4537\" srcset=\"https:\/\/perrones.eu\/wp-content\/uploads\/2020\/04\/20200427_PERRONES_CAPELA_SENHOR_DA_PEDRA.jpg 800w, https:\/\/perrones.eu\/wp-content\/uploads\/2020\/04\/20200427_PERRONES_CAPELA_SENHOR_DA_PEDRA-300x200.jpg 300w, https:\/\/perrones.eu\/wp-content\/uploads\/2020\/04\/20200427_PERRONES_CAPELA_SENHOR_DA_PEDRA-768x512.jpg 768w, https:\/\/perrones.eu\/wp-content\/uploads\/2020\/04\/20200427_PERRONES_CAPELA_SENHOR_DA_PEDRA-360x240.jpg 360w\" sizes=\"auto, (max-width: 800px) 100vw, 800px\" \/><figcaption>Capela Senhor da Pedra &#8211; Miramar<\/figcaption><\/figure>\n\n\n\n<p>Nos encontramos no nosso pr\u00f3ximo post! Boa pedalada e excelentes fotos para todos!<\/p>\n","protected":false},"excerpt":{"rendered":"<p>Entre ciclovias, ecopistas e ecovias, vamos conhecendo a rota da Costa Atl\u00e2ntica, que come\u00e7a ao norte de Portugal, um pouco antes de Viana do Castelo e segue at\u00e9 o Algarve. S\u00e3o mais de 920 quil\u00f4metros de costa, passando por dunas, florestas, lagoas e o Atl\u00e2ntico sempre a nos proporcionar as [&hellip;]<\/p>\n","protected":false},"author":1,"featured_media":4553,"comment_status":"open","ping_status":"open","sticky":false,"template":"","format":"standard","meta":{"om_disable_all_campaigns":false,"_monsterinsights_skip_tracking":false,"_monsterinsights_sitenote_active":false,"_monsterinsights_sitenote_note":"","_monsterinsights_sitenote_category":0,"footnotes":""},"categories":[34,5],"tags":[56,61,60,58,65,38,53,57,21,49,37,45,47,48],"class_list":["post-4506","post","type-post","status-publish","format-standard","has-post-thumbnail","hentry","category-photos","category-travel","tag-aveiro","tag-cicloturismo","tag-costa-do-atlantico-2","tag-espinho","tag-foz-do-douro","tag-miramar","tag-mtbxc","tag-ovar","tag-photography","tag-porto","tag-portugal","tag-trip","tag-vacacion","tag-vila-nova-de-gaia"],"jetpack_featured_media_url":"https:\/\/perrones.eu\/wp-content\/uploads\/2020\/04\/20200427_PERRONES_FAROL_FELGUEIRAS_04-2.jpg","_links":{"self":[{"href":"https:\/\/perrones.eu\/index.php\/wp-json\/wp\/v2\/posts\/4506","targetHints":{"allow":["GET"]}}],"collection":[{"href":"https:\/\/perrones.eu\/index.php\/wp-json\/wp\/v2\/posts"}],"about":[{"href":"https:\/\/perrones.eu\/index.php\/wp-json\/wp\/v2\/types\/post"}],"author":[{"embeddable":true,"href":"https:\/\/perrones.eu\/index.php\/wp-json\/wp\/v2\/users\/1"}],"replies":[{"embeddable":true,"href":"https:\/\/perrones.eu\/index.php\/wp-json\/wp\/v2\/comments?post=4506"}],"version-history":[{"count":6,"href":"https:\/\/perrones.eu\/index.php\/wp-json\/wp\/v2\/posts\/4506\/revisions"}],"predecessor-version":[{"id":4540,"href":"https:\/\/perrones.eu\/index.php\/wp-json\/wp\/v2\/posts\/4506\/revisions\/4540"}],"wp:featuredmedia":[{"embeddable":true,"href":"https:\/\/perrones.eu\/index.php\/wp-json\/wp\/v2\/media\/4553"}],"wp:attachment":[{"href":"https:\/\/perrones.eu\/index.php\/wp-json\/wp\/v2\/media?parent=4506"}],"wp:term":[{"taxonomy":"category","embeddable":true,"href":"https:\/\/perrones.eu\/index.php\/wp-json\/wp\/v2\/categories?post=4506"},{"taxonomy":"post_tag","embeddable":true,"href":"https:\/\/perrones.eu\/index.php\/wp-json\/wp\/v2\/tags?post=4506"}],"curies":[{"name":"wp","href":"https:\/\/api.w.org\/{rel}","templated":true}]}}