{"id":4533,"date":"2020-04-27T22:35:19","date_gmt":"2020-04-27T21:35:19","guid":{"rendered":"https:\/\/perrones.eu\/?p=4533"},"modified":"2020-06-23T18:17:17","modified_gmt":"2020-06-23T17:17:17","slug":"rota-da-costa-atlantica-foz-do-douro-ribeira-porto","status":"publish","type":"post","link":"https:\/\/perrones.eu\/index.php\/2020\/04\/27\/rota-da-costa-atlantica-foz-do-douro-ribeira-porto\/","title":{"rendered":"Rota da Costa Atl\u00e2ntica, Ribeira &#8211; Foz do Douro"},"content":{"rendered":"\n<h2 class=\"wp-block-heading\">Rumo \u00e0 Foz do Douro, partindo pela Ribeira &#8211; Porto<\/h2>\n\n\n\n<p>Geralmente para chegarmos \u00e0 Foz do Douro, no Farol de Felgueiras, pegamos rotas maiores mas, para simplificar o entendimento e mostrarmos um acesso f\u00e1cil e curto para quem deseja apenas dar um passeio agrad\u00e1vel beirando o Rio Douro, vamos iniciar o trajeto na Ponte D. Lu\u00eds I, seguindo pela Ribeira.<\/p>\n\n\n\n<p>Chegar \u00e0 Ribeira \u00e9 um trajeto f\u00e1cil. Para quem vem de comboio, basta descer na esta\u00e7\u00e3o S\u00e3o Bento. Pedalar pelas ruas estreitas do Porto e admirar sua arquitetura \u00e9 um passeio imperd\u00edvel. Lembre-se de sempre estar atento \u00e0 sinaliza\u00e7\u00e3o de tr\u00e2nsito, n\u00e3o seguir na contram\u00e3o e estar sempre munido de capacete. Seguran\u00e7a sempre. Prefira as ruas mais tranquilas, que s\u00e3o f\u00e1ceis de serem encontradas no trajeto da esta\u00e7\u00e3o at\u00e9 \u00e0 Ribeira.<\/p>\n\n\n\n<figure class=\"wp-block-image size-full\"><img loading=\"lazy\" decoding=\"async\" width=\"1080\" height=\"551\" src=\"https:\/\/perrones.eu\/wp-content\/uploads\/2020\/04\/20200427_PERRONES_RIBEIRA_PORTO.jpg\" alt=\"Ponte D. Lu\u00eds I e Ribeira\" class=\"wp-image-4512\" srcset=\"https:\/\/perrones.eu\/wp-content\/uploads\/2020\/04\/20200427_PERRONES_RIBEIRA_PORTO.jpg 1080w, https:\/\/perrones.eu\/wp-content\/uploads\/2020\/04\/20200427_PERRONES_RIBEIRA_PORTO-300x153.jpg 300w, https:\/\/perrones.eu\/wp-content\/uploads\/2020\/04\/20200427_PERRONES_RIBEIRA_PORTO-1024x522.jpg 1024w, https:\/\/perrones.eu\/wp-content\/uploads\/2020\/04\/20200427_PERRONES_RIBEIRA_PORTO-768x392.jpg 768w\" sizes=\"auto, (max-width: 1080px) 100vw, 1080px\" \/><figcaption>Vista da Ponte D. Lu\u00eds I e Ribeira &#8211; foto tirada do lado de Vila Nova de Gaia<\/figcaption><\/figure>\n\n\n\n<p>Saindo da Ribeira, o caminho at\u00e9 um pouco antes da Ponte da Arr\u00e1bida \u00e9 feito por vias de tr\u00e2nsito. Depois o trajeto segue por ciclovia at\u00e9 chegarmos ao Farol de Felgueiras.<\/p>\n\n\n\n<figure class=\"wp-block-image size-full\"><img loading=\"lazy\" decoding=\"async\" width=\"1080\" height=\"551\" src=\"https:\/\/perrones.eu\/wp-content\/uploads\/2020\/04\/20200427_PERRONES_PORTO_PONTE_D_LUIZ.jpg\" alt=\"Ponte D. Lu\u00eds I e Ribeira\" class=\"wp-image-4513\" srcset=\"https:\/\/perrones.eu\/wp-content\/uploads\/2020\/04\/20200427_PERRONES_PORTO_PONTE_D_LUIZ.jpg 1080w, https:\/\/perrones.eu\/wp-content\/uploads\/2020\/04\/20200427_PERRONES_PORTO_PONTE_D_LUIZ-300x153.jpg 300w, https:\/\/perrones.eu\/wp-content\/uploads\/2020\/04\/20200427_PERRONES_PORTO_PONTE_D_LUIZ-1024x522.jpg 1024w, https:\/\/perrones.eu\/wp-content\/uploads\/2020\/04\/20200427_PERRONES_PORTO_PONTE_D_LUIZ-768x392.jpg 768w\" sizes=\"auto, (max-width: 1080px) 100vw, 1080px\" \/><figcaption>Ribeira &#8211; Porto<\/figcaption><\/figure>\n\n\n\n<p>J\u00e1 quase l\u00e1, um bom ponto de parada \u00e9 a Promenade Foz do Douro onde encontra-se a Capela-Farol de S\u00e3o Miguel o Anjo, constru\u00edda em 1527, e tamb\u00e9m o Jardim do Passeio Alegre, onde j\u00e1 \u00e9 poss\u00edvel avistar o encontro do Rio Douro com o Oceano Atl\u00e2ntico, bem como o Farol do Molhe Norte da Barra do Douro, o Farol do Molhe Sul da Barra do Douro e o Farol de Felgueiras. <\/p>\n\n\n\n<figure class=\"wp-block-image size-full\"><img loading=\"lazy\" decoding=\"async\" width=\"1080\" height=\"551\" src=\"https:\/\/perrones.eu\/wp-content\/uploads\/2020\/04\/20200427_PERRONES_PROMENADE_FOZ_DOURO-1.jpg\" alt=\"Promenade Foz do Douro, com a Capela-Farol de S\u00e3o Miguel o Anjo\" class=\"wp-image-4517\" srcset=\"https:\/\/perrones.eu\/wp-content\/uploads\/2020\/04\/20200427_PERRONES_PROMENADE_FOZ_DOURO-1.jpg 1080w, https:\/\/perrones.eu\/wp-content\/uploads\/2020\/04\/20200427_PERRONES_PROMENADE_FOZ_DOURO-1-300x153.jpg 300w, https:\/\/perrones.eu\/wp-content\/uploads\/2020\/04\/20200427_PERRONES_PROMENADE_FOZ_DOURO-1-1024x522.jpg 1024w, https:\/\/perrones.eu\/wp-content\/uploads\/2020\/04\/20200427_PERRONES_PROMENADE_FOZ_DOURO-1-768x392.jpg 768w\" sizes=\"auto, (max-width: 1080px) 100vw, 1080px\" \/><figcaption>Promenade Foz do Douro, com a Capela-Farol de S\u00e3o Miguel o Anjo ao fundo.<\/figcaption><\/figure>\n\n\n\n<figure class=\"wp-block-image size-full\"><img loading=\"lazy\" decoding=\"async\" width=\"1080\" height=\"551\" src=\"https:\/\/perrones.eu\/wp-content\/uploads\/2020\/04\/20200427_PERRONES_JARDIM_PASSEIO_ALEGRE.jpg\" alt=\"Jardim do Passeio Alegre - encontro do Rio Douro com o Oceano Atl\u00e2ntico. Ao fundo, da esquerda para a direita: Farol do Molhe Sul da Barra do Douro, Farol do Molhe Norte da Barra do Douro e o Farol de Felgueiras.\" class=\"wp-image-4516\" srcset=\"https:\/\/perrones.eu\/wp-content\/uploads\/2020\/04\/20200427_PERRONES_JARDIM_PASSEIO_ALEGRE.jpg 1080w, https:\/\/perrones.eu\/wp-content\/uploads\/2020\/04\/20200427_PERRONES_JARDIM_PASSEIO_ALEGRE-300x153.jpg 300w, https:\/\/perrones.eu\/wp-content\/uploads\/2020\/04\/20200427_PERRONES_JARDIM_PASSEIO_ALEGRE-1024x522.jpg 1024w, https:\/\/perrones.eu\/wp-content\/uploads\/2020\/04\/20200427_PERRONES_JARDIM_PASSEIO_ALEGRE-768x392.jpg 768w\" sizes=\"auto, (max-width: 1080px) 100vw, 1080px\" \/><figcaption>Jardim do Passeio Alegre &#8211; encontro do Rio Douro com o Oceano Atl\u00e2ntico. Ao fundo, da esquerda para a direita: Farol do Molhe Sul da Barra do Douro, Farol do Molhe Norte da Barra do Douro e o Farol de Felgueiras.<\/figcaption><\/figure>\n\n\n\n<p>Chegando o nosso destino final, temos o Farol de Felgueiras. Com as ondas batendo em sua estrutura, \u00e9 um verdadeiro cart\u00e3o postal. Dependendo da mar\u00e9 e tamb\u00e9m dos ventos, seu acesso pode ficar interditado pois a for\u00e7a das ondas \u00e9 impressionante. <\/p>\n\n\n\n<figure class=\"wp-block-image size-full\"><img loading=\"lazy\" decoding=\"async\" width=\"1080\" height=\"551\" src=\"https:\/\/perrones.eu\/wp-content\/uploads\/2020\/04\/20200427_PERRONES_FAROL_FELGUEIRAS_02-1.jpg\" alt=\"Farol de Felgueiras\" class=\"wp-image-4544\" srcset=\"https:\/\/perrones.eu\/wp-content\/uploads\/2020\/04\/20200427_PERRONES_FAROL_FELGUEIRAS_02-1.jpg 1080w, https:\/\/perrones.eu\/wp-content\/uploads\/2020\/04\/20200427_PERRONES_FAROL_FELGUEIRAS_02-1-300x153.jpg 300w, https:\/\/perrones.eu\/wp-content\/uploads\/2020\/04\/20200427_PERRONES_FAROL_FELGUEIRAS_02-1-1024x522.jpg 1024w, https:\/\/perrones.eu\/wp-content\/uploads\/2020\/04\/20200427_PERRONES_FAROL_FELGUEIRAS_02-1-768x392.jpg 768w\" sizes=\"auto, (max-width: 1080px) 100vw, 1080px\" \/><figcaption>Farol de Felgueiras<\/figcaption><\/figure>\n\n\n\n<figure class=\"wp-block-image size-full\"><img loading=\"lazy\" decoding=\"async\" width=\"1080\" height=\"551\" src=\"https:\/\/perrones.eu\/wp-content\/uploads\/2020\/04\/20200427_PERRONES_FAROL_FELGUEIRAS-1.jpg\" alt=\"Farol de Felgueiras\" class=\"wp-image-4545\" srcset=\"https:\/\/perrones.eu\/wp-content\/uploads\/2020\/04\/20200427_PERRONES_FAROL_FELGUEIRAS-1.jpg 1080w, https:\/\/perrones.eu\/wp-content\/uploads\/2020\/04\/20200427_PERRONES_FAROL_FELGUEIRAS-1-300x153.jpg 300w, https:\/\/perrones.eu\/wp-content\/uploads\/2020\/04\/20200427_PERRONES_FAROL_FELGUEIRAS-1-1024x522.jpg 1024w, https:\/\/perrones.eu\/wp-content\/uploads\/2020\/04\/20200427_PERRONES_FAROL_FELGUEIRAS-1-768x392.jpg 768w\" sizes=\"auto, (max-width: 1080px) 100vw, 1080px\" \/><figcaption>Farol de Felgueiras<\/figcaption><\/figure>\n\n\n\n<figure class=\"wp-block-image size-full\"><img loading=\"lazy\" decoding=\"async\" width=\"1080\" height=\"551\" src=\"https:\/\/perrones.eu\/wp-content\/uploads\/2020\/04\/20200427_PERRONES_FAROL_FELGUEIRAS_03-1.jpg\" alt=\"Farol de Felgueiras\" class=\"wp-image-4546\" srcset=\"https:\/\/perrones.eu\/wp-content\/uploads\/2020\/04\/20200427_PERRONES_FAROL_FELGUEIRAS_03-1.jpg 1080w, https:\/\/perrones.eu\/wp-content\/uploads\/2020\/04\/20200427_PERRONES_FAROL_FELGUEIRAS_03-1-300x153.jpg 300w, https:\/\/perrones.eu\/wp-content\/uploads\/2020\/04\/20200427_PERRONES_FAROL_FELGUEIRAS_03-1-1024x522.jpg 1024w, https:\/\/perrones.eu\/wp-content\/uploads\/2020\/04\/20200427_PERRONES_FAROL_FELGUEIRAS_03-1-768x392.jpg 768w\" sizes=\"auto, (max-width: 1080px) 100vw, 1080px\" \/><figcaption>Farol de Felgueiras<\/figcaption><\/figure>\n\n\n\n<p>Aqui podemos visualizar todo o caminho percorrido, uma dist\u00e2ncia aproximada de 7 quil\u00f4metros.<\/p>\n\n\n\n<figure class=\"wp-block-image size-full\"><img loading=\"lazy\" decoding=\"async\" width=\"800\" height=\"447\" src=\"https:\/\/perrones.eu\/wp-content\/uploads\/2020\/04\/MAPA_PORTO_FAROL_FELGUEIRAS-1.jpg\" alt=\"\" class=\"wp-image-4550\" srcset=\"https:\/\/perrones.eu\/wp-content\/uploads\/2020\/04\/MAPA_PORTO_FAROL_FELGUEIRAS-1.jpg 800w, https:\/\/perrones.eu\/wp-content\/uploads\/2020\/04\/MAPA_PORTO_FAROL_FELGUEIRAS-1-300x168.jpg 300w, https:\/\/perrones.eu\/wp-content\/uploads\/2020\/04\/MAPA_PORTO_FAROL_FELGUEIRAS-1-768x429.jpg 768w\" sizes=\"auto, (max-width: 800px) 100vw, 800px\" \/><figcaption>Trecho Ribeira &#8211; Farol de Felgueiras &#8211; Porto<\/figcaption><\/figure>\n\n\n\n<p>No pr\u00f3ximo post, seguiremos da Ponte D. Lu\u00eds I por Vila Nova de Gaia, at\u00e9 chegarmos \u00e0 outra extremidade sul, em Lavadores. <\/p>\n\n\n\n<p>At\u00e9 l\u00e1, boa pedalada e excelentes fotos!!!<\/p>\n","protected":false},"excerpt":{"rendered":"<p>Rumo \u00e0 Foz do Douro, partindo pela Ribeira &#8211; Porto Geralmente para chegarmos \u00e0 Foz do Douro, no Farol de Felgueiras, pegamos rotas maiores mas, para simplificar o entendimento e mostrarmos um acesso f\u00e1cil e curto para quem deseja apenas dar um passeio agrad\u00e1vel beirando o Rio Douro, vamos iniciar [&hellip;]<\/p>\n","protected":false},"author":1,"featured_media":4552,"comment_status":"open","ping_status":"open","sticky":false,"template":"","format":"standard","meta":{"om_disable_all_campaigns":false,"_monsterinsights_skip_tracking":false,"_monsterinsights_sitenote_active":false,"_monsterinsights_sitenote_note":"","_monsterinsights_sitenote_category":0,"footnotes":""},"categories":[34,5],"tags":[68,61,60,69,67,65,53,21,70,49,37,64,45,55],"class_list":["post-4533","post","type-post","status-publish","format-standard","has-post-thumbnail","hentry","category-photos","category-travel","tag-capela-farol-de-sao-miguel-o-anjo","tag-cicloturismo","tag-costa-do-atlantico-2","tag-farol-de-felgueiras","tag-farol-foz-do-douro","tag-foz-do-douro","tag-mtbxc","tag-photography","tag-ponte-d-luis-i","tag-porto","tag-portugal","tag-rio-douro","tag-trip","tag-vacation"],"jetpack_featured_media_url":"https:\/\/perrones.eu\/wp-content\/uploads\/2020\/04\/20200408_PERRONES_PORTUGAL_PORTO_AR.jpg","_links":{"self":[{"href":"https:\/\/perrones.eu\/index.php\/wp-json\/wp\/v2\/posts\/4533","targetHints":{"allow":["GET"]}}],"collection":[{"href":"https:\/\/perrones.eu\/index.php\/wp-json\/wp\/v2\/posts"}],"about":[{"href":"https:\/\/perrones.eu\/index.php\/wp-json\/wp\/v2\/types\/post"}],"author":[{"embeddable":true,"href":"https:\/\/perrones.eu\/index.php\/wp-json\/wp\/v2\/users\/1"}],"replies":[{"embeddable":true,"href":"https:\/\/perrones.eu\/index.php\/wp-json\/wp\/v2\/comments?post=4533"}],"version-history":[{"count":11,"href":"https:\/\/perrones.eu\/index.php\/wp-json\/wp\/v2\/posts\/4533\/revisions"}],"predecessor-version":[{"id":4775,"href":"https:\/\/perrones.eu\/index.php\/wp-json\/wp\/v2\/posts\/4533\/revisions\/4775"}],"wp:featuredmedia":[{"embeddable":true,"href":"https:\/\/perrones.eu\/index.php\/wp-json\/wp\/v2\/media\/4552"}],"wp:attachment":[{"href":"https:\/\/perrones.eu\/index.php\/wp-json\/wp\/v2\/media?parent=4533"}],"wp:term":[{"taxonomy":"category","embeddable":true,"href":"https:\/\/perrones.eu\/index.php\/wp-json\/wp\/v2\/categories?post=4533"},{"taxonomy":"post_tag","embeddable":true,"href":"https:\/\/perrones.eu\/index.php\/wp-json\/wp\/v2\/tags?post=4533"}],"curies":[{"name":"wp","href":"https:\/\/api.w.org\/{rel}","templated":true}]}}