{"id":4740,"date":"2020-06-14T01:39:12","date_gmt":"2020-06-14T00:39:12","guid":{"rendered":"https:\/\/perrones.eu\/?p=4740"},"modified":"2020-06-23T18:14:15","modified_gmt":"2020-06-23T17:14:15","slug":"rota-da-costa-atlantica-barrinha-de-esmoriz-praia-de-sao-pedro-de-maceda","status":"publish","type":"post","link":"https:\/\/perrones.eu\/index.php\/2020\/06\/14\/rota-da-costa-atlantica-barrinha-de-esmoriz-praia-de-sao-pedro-de-maceda\/","title":{"rendered":"Rota da Costa Atl\u00e2ntica \u2013 Barrinha de Esmoriz &#8211; Praia de S\u00e3o Pedro de Maceda"},"content":{"rendered":"\n<p>E nosso trajeto continua! Agora seguiremos a partir da ponte sobre a Lagoa de Paramos, pelos passadi\u00e7os da Barrinha de Esmoriz, indo em dire\u00e7\u00e3o \u00e0 Praia de S\u00e3o Pedro de Maceda. Quem n\u00e3o leu nosso post do trajeto at\u00e9 este local, clique <a rel=\"noreferrer noopener\" href=\"https:\/\/perrones.eu\/index.php\/2020\/06\/05\/rota-da-costa-atlantica-espinho-barrinha-de-esmoriz\/\" target=\"_blank\">aqui<\/a> e confira! \ud83d\ude09 <\/p>\n\n\n\n<figure class=\"wp-block-image size-large\"><img loading=\"lazy\" decoding=\"async\" width=\"1024\" height=\"522\" src=\"https:\/\/perrones.eu\/wp-content\/uploads\/2020\/06\/20200427_PERRONES_BARRINHA_ESMORIZ-1024x522.jpg\" alt=\"\" class=\"wp-image-4764\" srcset=\"https:\/\/perrones.eu\/wp-content\/uploads\/2020\/06\/20200427_PERRONES_BARRINHA_ESMORIZ-1024x522.jpg 1024w, https:\/\/perrones.eu\/wp-content\/uploads\/2020\/06\/20200427_PERRONES_BARRINHA_ESMORIZ-300x153.jpg 300w, https:\/\/perrones.eu\/wp-content\/uploads\/2020\/06\/20200427_PERRONES_BARRINHA_ESMORIZ-768x392.jpg 768w, https:\/\/perrones.eu\/wp-content\/uploads\/2020\/06\/20200427_PERRONES_BARRINHA_ESMORIZ.jpg 1080w\" sizes=\"auto, (max-width: 1024px) 100vw, 1024px\" \/><\/figure>\n\n\n\n<p>Ap\u00f3s a ponte, podemos optar por dois caminhos, o percurso verde, seguindo em dire\u00e7\u00e3o \u00e0 Praia de Esmoriz, ou o percurso verde, em dire\u00e7\u00e3o oposta, e continuar pelo percurso laranja, saindo na ciclovia do Emigrante, situada na Av. Dr. Fernando Raimundo Rodrigues.  Neste post, falaremos deste \u00faltimo. <\/p>\n\n\n\n<figure class=\"wp-block-image size-full\"><img loading=\"lazy\" decoding=\"async\" width=\"800\" height=\"508\" src=\"https:\/\/perrones.eu\/wp-content\/uploads\/2020\/06\/MAPA_BARRINHA_DE_ESMORIZ.jpg\" alt=\"Barrinha de Esmoriz \/ Lagoa de Paramos - Percursos dos passadi\u00e7os\" class=\"wp-image-4741\" title=\"Barrinha de Esmoriz \/ Lagoa de Paramos - Percursos dos passadi\u00e7os\" srcset=\"https:\/\/perrones.eu\/wp-content\/uploads\/2020\/06\/MAPA_BARRINHA_DE_ESMORIZ.jpg 800w, https:\/\/perrones.eu\/wp-content\/uploads\/2020\/06\/MAPA_BARRINHA_DE_ESMORIZ-300x191.jpg 300w, https:\/\/perrones.eu\/wp-content\/uploads\/2020\/06\/MAPA_BARRINHA_DE_ESMORIZ-768x488.jpg 768w\" sizes=\"auto, (max-width: 800px) 100vw, 800px\" \/><figcaption>Barrinha de Esmoriz \/ Lagoa de Paramos &#8211; Percursos dos passadi\u00e7os<\/figcaption><\/figure>\n\n\n\n<p>Ao chegarmos \u00e0 ciclovia do Emigrante, teremos que entrar na ciclovia da Rua das Britas para seguirmos pela ciclovia de Esmoriz. <\/p>\n\n\n\n<p>Sempre que fizerem esse trajeto at\u00e9 \u00e0 Praia de S\u00e3o Pedro de Maceda, passem pelo Parque Ambiental do Bu\u00e7aquinho, \u00e9 imperd\u00edvel!!! Nossa sugest\u00e3o \u00e9, vindo pela ciclovia de Esmoriz em dire\u00e7\u00e3o \u00e0 praia, virar a esquerda na Rua dos Desportos, que termina em uma das entradas do parque. <\/p>\n\n\n\n<figure class=\"wp-block-image size-full\"><img loading=\"lazy\" decoding=\"async\" width=\"1080\" height=\"551\" src=\"https:\/\/perrones.eu\/wp-content\/uploads\/2020\/06\/20200427_PERRONES_PARQUE_BUCAQUINHO.jpg\" alt=\"Parque Ambiental do Bu\u00e7aquinho - Esmoriz\/Cortegaza - Ovar\" class=\"wp-image-4742\" title=\"Parque Ambiental do Bu\u00e7aquinho - Esmoriz\/Cortegaza - Ovar\" srcset=\"https:\/\/perrones.eu\/wp-content\/uploads\/2020\/06\/20200427_PERRONES_PARQUE_BUCAQUINHO.jpg 1080w, https:\/\/perrones.eu\/wp-content\/uploads\/2020\/06\/20200427_PERRONES_PARQUE_BUCAQUINHO-300x153.jpg 300w, https:\/\/perrones.eu\/wp-content\/uploads\/2020\/06\/20200427_PERRONES_PARQUE_BUCAQUINHO-1024x522.jpg 1024w, https:\/\/perrones.eu\/wp-content\/uploads\/2020\/06\/20200427_PERRONES_PARQUE_BUCAQUINHO-768x392.jpg 768w\" sizes=\"auto, (max-width: 1080px) 100vw, 1080px\" \/><figcaption>Parque Ambiental do Bu\u00e7aquinho &#8211; Esmoriz\/Cortegaza &#8211; Ovar<\/figcaption><\/figure>\n\n\n\n<figure class=\"wp-block-image size-full\"><img loading=\"lazy\" decoding=\"async\" width=\"1200\" height=\"781\" src=\"https:\/\/perrones.eu\/wp-content\/uploads\/2020\/06\/20200408_PERRONES_PORTUGAL_BIKE_AR.jpg\" alt=\"Parque Ambiental do Bu\u00e7aquinho - Esmoriz\/Cortegaza - Ovar\" class=\"wp-image-4759\" title=\"Parque Ambiental do Bu\u00e7aquinho - Esmoriz\/Cortegaza - Ovar\" srcset=\"https:\/\/perrones.eu\/wp-content\/uploads\/2020\/06\/20200408_PERRONES_PORTUGAL_BIKE_AR.jpg 1200w, https:\/\/perrones.eu\/wp-content\/uploads\/2020\/06\/20200408_PERRONES_PORTUGAL_BIKE_AR-300x195.jpg 300w, https:\/\/perrones.eu\/wp-content\/uploads\/2020\/06\/20200408_PERRONES_PORTUGAL_BIKE_AR-1024x666.jpg 1024w, https:\/\/perrones.eu\/wp-content\/uploads\/2020\/06\/20200408_PERRONES_PORTUGAL_BIKE_AR-768x500.jpg 768w\" sizes=\"auto, (max-width: 1200px) 100vw, 1200px\" \/><figcaption>Parque Ambiental do Bu\u00e7aquinho &#8211; Esmoriz\/Cortegaza &#8211; Ovar<\/figcaption><\/figure>\n\n\n\n<p>Saindo do parque pela Rua da Floresta, seguiremos pela Ecopista do Atl\u00e2ntico at\u00e9 a entrada para a Praia de S\u00e3o Pedro Maceda.  O percurso \u00e9 fant\u00e1stico! Seguis ao meio de floresta, rodeada de pinhais que fazem parte  do Per\u00edmetro Florestal das Dunas de Ovar.<\/p>\n\n\n\n<figure class=\"wp-block-image size-full\"><img loading=\"lazy\" decoding=\"async\" width=\"1080\" height=\"551\" src=\"https:\/\/perrones.eu\/wp-content\/uploads\/2020\/06\/20200427_PERRONES_ECOVIA_ATLANTICO-01.jpg\" alt=\"Ecopista do Atl\u00e2ntico - Ovar\" class=\"wp-image-4743\" title=\"Ecopista do Atl\u00e2ntico - Ovar\" srcset=\"https:\/\/perrones.eu\/wp-content\/uploads\/2020\/06\/20200427_PERRONES_ECOVIA_ATLANTICO-01.jpg 1080w, https:\/\/perrones.eu\/wp-content\/uploads\/2020\/06\/20200427_PERRONES_ECOVIA_ATLANTICO-01-300x153.jpg 300w, https:\/\/perrones.eu\/wp-content\/uploads\/2020\/06\/20200427_PERRONES_ECOVIA_ATLANTICO-01-1024x522.jpg 1024w, https:\/\/perrones.eu\/wp-content\/uploads\/2020\/06\/20200427_PERRONES_ECOVIA_ATLANTICO-01-768x392.jpg 768w\" sizes=\"auto, (max-width: 1080px) 100vw, 1080px\" \/><figcaption>Ecopista do Atl\u00e2ntico &#8211; Ovar<\/figcaption><\/figure>\n\n\n\n<figure class=\"wp-block-image size-full\"><img loading=\"lazy\" decoding=\"async\" width=\"1080\" height=\"551\" src=\"https:\/\/perrones.eu\/wp-content\/uploads\/2020\/06\/20200427_PERRONES_ECOVIA_ATLANTICO-03.jpg\" alt=\"Ecopista do Atl\u00e2ntico - Ovar\" class=\"wp-image-4745\" title=\"Ecopista do Atl\u00e2ntico - Ovar\" srcset=\"https:\/\/perrones.eu\/wp-content\/uploads\/2020\/06\/20200427_PERRONES_ECOVIA_ATLANTICO-03.jpg 1080w, https:\/\/perrones.eu\/wp-content\/uploads\/2020\/06\/20200427_PERRONES_ECOVIA_ATLANTICO-03-300x153.jpg 300w, https:\/\/perrones.eu\/wp-content\/uploads\/2020\/06\/20200427_PERRONES_ECOVIA_ATLANTICO-03-1024x522.jpg 1024w, https:\/\/perrones.eu\/wp-content\/uploads\/2020\/06\/20200427_PERRONES_ECOVIA_ATLANTICO-03-768x392.jpg 768w\" sizes=\"auto, (max-width: 1080px) 100vw, 1080px\" \/><figcaption>Ecopista do Atl\u00e2ntico &#8211; Ovar<\/figcaption><\/figure>\n\n\n\n<figure class=\"wp-block-image size-full\"><img loading=\"lazy\" decoding=\"async\" width=\"1080\" height=\"551\" src=\"https:\/\/perrones.eu\/wp-content\/uploads\/2020\/06\/20200427_PERRONES_ECOVIA_ATLANTICO-06.jpg\" alt=\"Ecopista do Atl\u00e2ntico - Ovar\" class=\"wp-image-4746\" title=\"Ecopista do Atl\u00e2ntico - Ovar\" srcset=\"https:\/\/perrones.eu\/wp-content\/uploads\/2020\/06\/20200427_PERRONES_ECOVIA_ATLANTICO-06.jpg 1080w, https:\/\/perrones.eu\/wp-content\/uploads\/2020\/06\/20200427_PERRONES_ECOVIA_ATLANTICO-06-300x153.jpg 300w, https:\/\/perrones.eu\/wp-content\/uploads\/2020\/06\/20200427_PERRONES_ECOVIA_ATLANTICO-06-1024x522.jpg 1024w, https:\/\/perrones.eu\/wp-content\/uploads\/2020\/06\/20200427_PERRONES_ECOVIA_ATLANTICO-06-768x392.jpg 768w\" sizes=\"auto, (max-width: 1080px) 100vw, 1080px\" \/><figcaption>Ecopista do Atl\u00e2ntico &#8211; Ovar<\/figcaption><\/figure>\n\n\n\n<figure class=\"wp-block-image size-full\"><img loading=\"lazy\" decoding=\"async\" width=\"1080\" height=\"551\" src=\"https:\/\/perrones.eu\/wp-content\/uploads\/2020\/06\/20200427_PERRONES_ECOVIA_ATLANTICO-02.jpg\" alt=\"Ecopista do Atl\u00e2ntico - Ovar\" class=\"wp-image-4747\" title=\"Ecopista do Atl\u00e2ntico - Ovar\" srcset=\"https:\/\/perrones.eu\/wp-content\/uploads\/2020\/06\/20200427_PERRONES_ECOVIA_ATLANTICO-02.jpg 1080w, https:\/\/perrones.eu\/wp-content\/uploads\/2020\/06\/20200427_PERRONES_ECOVIA_ATLANTICO-02-300x153.jpg 300w, https:\/\/perrones.eu\/wp-content\/uploads\/2020\/06\/20200427_PERRONES_ECOVIA_ATLANTICO-02-1024x522.jpg 1024w, https:\/\/perrones.eu\/wp-content\/uploads\/2020\/06\/20200427_PERRONES_ECOVIA_ATLANTICO-02-768x392.jpg 768w\" sizes=\"auto, (max-width: 1080px) 100vw, 1080px\" \/><figcaption>Ecopista do Atl\u00e2ntico &#8211; Ovar<\/figcaption><\/figure>\n\n\n\n<figure class=\"wp-block-image size-full\"><img loading=\"lazy\" decoding=\"async\" width=\"1080\" height=\"551\" src=\"https:\/\/perrones.eu\/wp-content\/uploads\/2020\/06\/20200427_PERRONES_ECOVIA_ATLANTICO-07.jpg\" alt=\"Ecopista do Atl\u00e2ntico - Ovar\" class=\"wp-image-4748\" title=\"Ecopista do Atl\u00e2ntico - Ovar\" srcset=\"https:\/\/perrones.eu\/wp-content\/uploads\/2020\/06\/20200427_PERRONES_ECOVIA_ATLANTICO-07.jpg 1080w, https:\/\/perrones.eu\/wp-content\/uploads\/2020\/06\/20200427_PERRONES_ECOVIA_ATLANTICO-07-300x153.jpg 300w, https:\/\/perrones.eu\/wp-content\/uploads\/2020\/06\/20200427_PERRONES_ECOVIA_ATLANTICO-07-1024x522.jpg 1024w, https:\/\/perrones.eu\/wp-content\/uploads\/2020\/06\/20200427_PERRONES_ECOVIA_ATLANTICO-07-768x392.jpg 768w\" sizes=\"auto, (max-width: 1080px) 100vw, 1080px\" \/><figcaption>Ecopista do Atl\u00e2ntico &#8211; Ovar<\/figcaption><\/figure>\n\n\n\n<figure class=\"wp-block-image size-full\"><img loading=\"lazy\" decoding=\"async\" width=\"1080\" height=\"551\" src=\"https:\/\/perrones.eu\/wp-content\/uploads\/2020\/06\/20200427_PERRONES_ECOVIA_ATLANTICO-04.jpg\" alt=\"Ecopista do Atl\u00e2ntico - Ovar\" class=\"wp-image-4749\" title=\"Ecopista do Atl\u00e2ntico - Ovar\" srcset=\"https:\/\/perrones.eu\/wp-content\/uploads\/2020\/06\/20200427_PERRONES_ECOVIA_ATLANTICO-04.jpg 1080w, https:\/\/perrones.eu\/wp-content\/uploads\/2020\/06\/20200427_PERRONES_ECOVIA_ATLANTICO-04-300x153.jpg 300w, https:\/\/perrones.eu\/wp-content\/uploads\/2020\/06\/20200427_PERRONES_ECOVIA_ATLANTICO-04-1024x522.jpg 1024w, https:\/\/perrones.eu\/wp-content\/uploads\/2020\/06\/20200427_PERRONES_ECOVIA_ATLANTICO-04-768x392.jpg 768w\" sizes=\"auto, (max-width: 1080px) 100vw, 1080px\" \/><figcaption>Ecopista do Atl\u00e2ntico &#8211; Ovar<\/figcaption><\/figure>\n\n\n\n<figure class=\"wp-block-image size-full\"><img loading=\"lazy\" decoding=\"async\" width=\"1080\" height=\"551\" src=\"https:\/\/perrones.eu\/wp-content\/uploads\/2020\/06\/20200427_PERRONES_ECOVIA_ATLANTICO-05.jpg\" alt=\"Ecopista do Atl\u00e2ntico - Ovar\" class=\"wp-image-4750\" title=\"Ecopista do Atl\u00e2ntico - Ovar\" srcset=\"https:\/\/perrones.eu\/wp-content\/uploads\/2020\/06\/20200427_PERRONES_ECOVIA_ATLANTICO-05.jpg 1080w, https:\/\/perrones.eu\/wp-content\/uploads\/2020\/06\/20200427_PERRONES_ECOVIA_ATLANTICO-05-300x153.jpg 300w, https:\/\/perrones.eu\/wp-content\/uploads\/2020\/06\/20200427_PERRONES_ECOVIA_ATLANTICO-05-1024x522.jpg 1024w, https:\/\/perrones.eu\/wp-content\/uploads\/2020\/06\/20200427_PERRONES_ECOVIA_ATLANTICO-05-768x392.jpg 768w\" sizes=\"auto, (max-width: 1080px) 100vw, 1080px\" \/><figcaption>Ecopista do Atl\u00e2ntico &#8211; Ovar<\/figcaption><\/figure>\n\n\n\n<figure class=\"wp-block-image size-full\"><img loading=\"lazy\" decoding=\"async\" width=\"1080\" height=\"551\" src=\"https:\/\/perrones.eu\/wp-content\/uploads\/2020\/06\/20200427_PERRONES_ECOVIA_ATLANTICO-08.jpg\" alt=\"Ecopista do Atl\u00e2ntico - Ovar\" class=\"wp-image-4751\" title=\"Ecopista do Atl\u00e2ntico - Ovar\" srcset=\"https:\/\/perrones.eu\/wp-content\/uploads\/2020\/06\/20200427_PERRONES_ECOVIA_ATLANTICO-08.jpg 1080w, https:\/\/perrones.eu\/wp-content\/uploads\/2020\/06\/20200427_PERRONES_ECOVIA_ATLANTICO-08-300x153.jpg 300w, https:\/\/perrones.eu\/wp-content\/uploads\/2020\/06\/20200427_PERRONES_ECOVIA_ATLANTICO-08-1024x522.jpg 1024w, https:\/\/perrones.eu\/wp-content\/uploads\/2020\/06\/20200427_PERRONES_ECOVIA_ATLANTICO-08-768x392.jpg 768w\" sizes=\"auto, (max-width: 1080px) 100vw, 1080px\" \/><figcaption>Ecopista do Atl\u00e2ntico &#8211; Ovar<\/figcaption><\/figure>\n\n\n\n<p>E, ap\u00f3s um percurso de aproximadamente 4km desde o Parque do Bu\u00e7aquinho, chegamos \u00e0 Praia de S\u00e3o Pedro de Maceda, com uma vista de tirar o f\u00f4lego, a frente o mar e atr\u00e1s, pinheiros!<\/p>\n\n\n\n<figure class=\"wp-block-image size-full\"><img loading=\"lazy\" decoding=\"async\" width=\"1080\" height=\"551\" src=\"https:\/\/perrones.eu\/wp-content\/uploads\/2020\/06\/20200427_PERRONES_PRAIA_SAO_PEDRO_MACEDA_01.jpg\" alt=\"Praia de S\u00e3o Pedro de Maceda - Ovar\" class=\"wp-image-4752\" title=\"Praia de S\u00e3o Pedro de Maceda - Ovar\" srcset=\"https:\/\/perrones.eu\/wp-content\/uploads\/2020\/06\/20200427_PERRONES_PRAIA_SAO_PEDRO_MACEDA_01.jpg 1080w, https:\/\/perrones.eu\/wp-content\/uploads\/2020\/06\/20200427_PERRONES_PRAIA_SAO_PEDRO_MACEDA_01-300x153.jpg 300w, https:\/\/perrones.eu\/wp-content\/uploads\/2020\/06\/20200427_PERRONES_PRAIA_SAO_PEDRO_MACEDA_01-1024x522.jpg 1024w, https:\/\/perrones.eu\/wp-content\/uploads\/2020\/06\/20200427_PERRONES_PRAIA_SAO_PEDRO_MACEDA_01-768x392.jpg 768w\" sizes=\"auto, (max-width: 1080px) 100vw, 1080px\" \/><figcaption>Praia de S\u00e3o Pedro de Maceda &#8211; Ovar<\/figcaption><\/figure>\n\n\n\n<figure class=\"wp-block-image size-full\"><img loading=\"lazy\" decoding=\"async\" width=\"1080\" height=\"551\" src=\"https:\/\/perrones.eu\/wp-content\/uploads\/2020\/06\/20200427_PERRONES_PRAIA_SAO_PEDRO_MACEDA_07.jpg\" alt=\"Praia de S\u00e3o Pedro de Maceda - Ovar\" class=\"wp-image-4760\" title=\"Praia de S\u00e3o Pedro de Maceda - Ovar\" srcset=\"https:\/\/perrones.eu\/wp-content\/uploads\/2020\/06\/20200427_PERRONES_PRAIA_SAO_PEDRO_MACEDA_07.jpg 1080w, https:\/\/perrones.eu\/wp-content\/uploads\/2020\/06\/20200427_PERRONES_PRAIA_SAO_PEDRO_MACEDA_07-300x153.jpg 300w, https:\/\/perrones.eu\/wp-content\/uploads\/2020\/06\/20200427_PERRONES_PRAIA_SAO_PEDRO_MACEDA_07-1024x522.jpg 1024w, https:\/\/perrones.eu\/wp-content\/uploads\/2020\/06\/20200427_PERRONES_PRAIA_SAO_PEDRO_MACEDA_07-768x392.jpg 768w\" sizes=\"auto, (max-width: 1080px) 100vw, 1080px\" \/><figcaption>Praia de S\u00e3o Pedro de Maceda &#8211; Ovar<\/figcaption><\/figure>\n\n\n\n<figure class=\"wp-block-image size-full\"><img loading=\"lazy\" decoding=\"async\" width=\"1080\" height=\"551\" src=\"https:\/\/perrones.eu\/wp-content\/uploads\/2020\/06\/20200427_PERRONES_PRAIA_SAO_PEDRO_MACEDA_04.jpg\" alt=\"Praia de S\u00e3o Pedro de Maceda - Ovar\" class=\"wp-image-4753\" title=\"Praia de S\u00e3o Pedro de Maceda - Ovar\" srcset=\"https:\/\/perrones.eu\/wp-content\/uploads\/2020\/06\/20200427_PERRONES_PRAIA_SAO_PEDRO_MACEDA_04.jpg 1080w, https:\/\/perrones.eu\/wp-content\/uploads\/2020\/06\/20200427_PERRONES_PRAIA_SAO_PEDRO_MACEDA_04-300x153.jpg 300w, https:\/\/perrones.eu\/wp-content\/uploads\/2020\/06\/20200427_PERRONES_PRAIA_SAO_PEDRO_MACEDA_04-1024x522.jpg 1024w, https:\/\/perrones.eu\/wp-content\/uploads\/2020\/06\/20200427_PERRONES_PRAIA_SAO_PEDRO_MACEDA_04-768x392.jpg 768w\" sizes=\"auto, (max-width: 1080px) 100vw, 1080px\" \/><figcaption>Praia de S\u00e3o Pedro de Maceda &#8211; Ovar<\/figcaption><\/figure>\n\n\n\n<figure class=\"wp-block-image size-large\"><img loading=\"lazy\" decoding=\"async\" width=\"1024\" height=\"522\" src=\"https:\/\/perrones.eu\/wp-content\/uploads\/2020\/06\/20200427_PERRONES_PRAIA_SAO_PEDRO_MACEDA_03-1024x522.jpg\" alt=\"Praia de S\u00e3o Pedro de Maceda - Ovar\" class=\"wp-image-4754\" title=\"Praia de S\u00e3o Pedro de Maceda - Ovar\" srcset=\"https:\/\/perrones.eu\/wp-content\/uploads\/2020\/06\/20200427_PERRONES_PRAIA_SAO_PEDRO_MACEDA_03-1024x522.jpg 1024w, https:\/\/perrones.eu\/wp-content\/uploads\/2020\/06\/20200427_PERRONES_PRAIA_SAO_PEDRO_MACEDA_03-300x153.jpg 300w, https:\/\/perrones.eu\/wp-content\/uploads\/2020\/06\/20200427_PERRONES_PRAIA_SAO_PEDRO_MACEDA_03-768x392.jpg 768w, https:\/\/perrones.eu\/wp-content\/uploads\/2020\/06\/20200427_PERRONES_PRAIA_SAO_PEDRO_MACEDA_03.jpg 1080w\" sizes=\"auto, (max-width: 1024px) 100vw, 1024px\" \/><figcaption>Praia de S\u00e3o Pedro de Maceda &#8211; Ovar<\/figcaption><\/figure>\n\n\n\n<figure class=\"wp-block-image size-large\"><img loading=\"lazy\" decoding=\"async\" width=\"1024\" height=\"522\" src=\"https:\/\/perrones.eu\/wp-content\/uploads\/2020\/06\/20200427_PERRONES_PRAIA_SAO_PEDRO_MACEDA_02-1024x522.jpg\" alt=\"Praia de S\u00e3o Pedro de Maceda - Ovar\" class=\"wp-image-4755\" title=\"Praia de S\u00e3o Pedro de Maceda - Ovar\" srcset=\"https:\/\/perrones.eu\/wp-content\/uploads\/2020\/06\/20200427_PERRONES_PRAIA_SAO_PEDRO_MACEDA_02-1024x522.jpg 1024w, https:\/\/perrones.eu\/wp-content\/uploads\/2020\/06\/20200427_PERRONES_PRAIA_SAO_PEDRO_MACEDA_02-300x153.jpg 300w, https:\/\/perrones.eu\/wp-content\/uploads\/2020\/06\/20200427_PERRONES_PRAIA_SAO_PEDRO_MACEDA_02-768x392.jpg 768w, https:\/\/perrones.eu\/wp-content\/uploads\/2020\/06\/20200427_PERRONES_PRAIA_SAO_PEDRO_MACEDA_02.jpg 1080w\" sizes=\"auto, (max-width: 1024px) 100vw, 1024px\" \/><figcaption>Praia de S\u00e3o Pedro de Maceda &#8211; Ovar<\/figcaption><\/figure>\n\n\n\n<p>Aqui podemos visualizar todo o caminho percorrido, uma dist\u00e2ncia aproximada de 8 quil\u00f4metros. <\/p>\n\n\n\n<figure class=\"wp-block-image size-full\"><img loading=\"lazy\" decoding=\"async\" width=\"800\" height=\"506\" src=\"https:\/\/perrones.eu\/wp-content\/uploads\/2020\/06\/MAPA_BARRINHA_DE_ESMORIZ_PRAIA_SAO_PEDRO_MACEDA.jpg\" alt=\"Trajeto Barrinha de Esmoriz \u2013 Praia de S\u00e3o Pedro de Maceda\" class=\"wp-image-4756\" title=\"Trajeto Barrinha de Esmoriz \u2013 Praia de S\u00e3o Pedro de Maceda\" srcset=\"https:\/\/perrones.eu\/wp-content\/uploads\/2020\/06\/MAPA_BARRINHA_DE_ESMORIZ_PRAIA_SAO_PEDRO_MACEDA.jpg 800w, https:\/\/perrones.eu\/wp-content\/uploads\/2020\/06\/MAPA_BARRINHA_DE_ESMORIZ_PRAIA_SAO_PEDRO_MACEDA-300x190.jpg 300w, https:\/\/perrones.eu\/wp-content\/uploads\/2020\/06\/MAPA_BARRINHA_DE_ESMORIZ_PRAIA_SAO_PEDRO_MACEDA-768x486.jpg 768w\" sizes=\"auto, (max-width: 800px) 100vw, 800px\" \/><figcaption>Trajeto Barrinha de Esmoriz at\u00e9 Praia de S\u00e3o Pedro de Maceda<\/figcaption><\/figure>\n\n\n\n<p>No pr\u00f3ximo post, seguiremos da Praia de S\u00e3o Pedro de Maceda at\u00e9 Furadouro. Espero que tenham gostado!<\/p>\n\n\n\n<p>At\u00e9 l\u00e1, boa pedalada e excelentes fotos!!!<\/p>\n","protected":false},"excerpt":{"rendered":"<p>E nosso trajeto continua! Agora seguiremos a partir da ponte sobre a Lagoa de Paramos, pelos passadi\u00e7os da Barrinha de Esmoriz, indo em dire\u00e7\u00e3o \u00e0 Praia de S\u00e3o Pedro de Maceda. Quem n\u00e3o leu nosso post do trajeto at\u00e9 este local, clique aqui e confira! \ud83d\ude09 Ap\u00f3s a ponte, podemos [&hellip;]<\/p>\n","protected":false},"author":1,"featured_media":4769,"comment_status":"open","ping_status":"open","sticky":false,"template":"","format":"standard","meta":{"om_disable_all_campaigns":false,"_monsterinsights_skip_tracking":false,"_monsterinsights_sitenote_active":false,"_monsterinsights_sitenote_note":"","_monsterinsights_sitenote_category":0,"footnotes":""},"categories":[34,5],"tags":[56,77,61,86,85,84,87,83,58,89,36,81,57,82,21,37,88],"class_list":["post-4740","post","type-post","status-publish","format-standard","has-post-thumbnail","hentry","category-photos","category-travel","tag-aveiro","tag-barrinha-de-esmoriz","tag-cicloturismo","tag-ciclovia-das-britas","tag-ciclovia-de-esmoriz","tag-ciclovia-do-emigrante","tag-dunas-de-ovar","tag-ecopista-do-atlantico","tag-espinho","tag-floresta-das-dunas-de-ovar","tag-fotografia","tag-lagoa-de-paramos","tag-ovar","tag-parque-do-bucaquinho","tag-photography","tag-portugal","tag-praia-de-sao-pedro-de-maceda"],"jetpack_featured_media_url":"https:\/\/perrones.eu\/wp-content\/uploads\/2020\/06\/FOTO_CAPA-4-scaled.jpg","_links":{"self":[{"href":"https:\/\/perrones.eu\/index.php\/wp-json\/wp\/v2\/posts\/4740","targetHints":{"allow":["GET"]}}],"collection":[{"href":"https:\/\/perrones.eu\/index.php\/wp-json\/wp\/v2\/posts"}],"about":[{"href":"https:\/\/perrones.eu\/index.php\/wp-json\/wp\/v2\/types\/post"}],"author":[{"embeddable":true,"href":"https:\/\/perrones.eu\/index.php\/wp-json\/wp\/v2\/users\/1"}],"replies":[{"embeddable":true,"href":"https:\/\/perrones.eu\/index.php\/wp-json\/wp\/v2\/comments?post=4740"}],"version-history":[{"count":5,"href":"https:\/\/perrones.eu\/index.php\/wp-json\/wp\/v2\/posts\/4740\/revisions"}],"predecessor-version":[{"id":4774,"href":"https:\/\/perrones.eu\/index.php\/wp-json\/wp\/v2\/posts\/4740\/revisions\/4774"}],"wp:featuredmedia":[{"embeddable":true,"href":"https:\/\/perrones.eu\/index.php\/wp-json\/wp\/v2\/media\/4769"}],"wp:attachment":[{"href":"https:\/\/perrones.eu\/index.php\/wp-json\/wp\/v2\/media?parent=4740"}],"wp:term":[{"taxonomy":"category","embeddable":true,"href":"https:\/\/perrones.eu\/index.php\/wp-json\/wp\/v2\/categories?post=4740"},{"taxonomy":"post_tag","embeddable":true,"href":"https:\/\/perrones.eu\/index.php\/wp-json\/wp\/v2\/tags?post=4740"}],"curies":[{"name":"wp","href":"https:\/\/api.w.org\/{rel}","templated":true}]}}